{"id":2197,"date":"2025-08-07T15:06:22","date_gmt":"2025-08-07T14:06:22","guid":{"rendered":"https:\/\/fr.camping-and-co.com\/blog\/?p=2197"},"modified":"2025-10-29T15:37:42","modified_gmt":"2025-10-29T14:37:42","slug":"des-vacances-en-aout-au-frais-en-bretagne-ou-en-normandie","status":"publish","type":"post","link":"https:\/\/fr.camping-and-co.com\/blog\/des-vacances-en-aout-au-frais-en-bretagne-ou-en-normandie\/","title":{"rendered":"Des vacances en ao\u00fbt au frais en Bretagne ou en Normandie\u00a0"},"content":{"rendered":"\n<h1 class=\"wp-block-heading\">Des vacances bretonnes ou normandes loin de la canicule<\/h1>\n\n\n\n<p>Quand le thermom\u00e8tre grimpe ailleurs, la <a href=\"https:\/\/fr.camping-and-co.com\/vacances-camping-bretagne\">Bretagne<\/a> et la <a href=\"https:\/\/fr.camping-and-co.com\/camping-rubrique-normandie\">Normandie<\/a> deviennent de v\u00e9ritables refuges pour les vacanciers en qu\u00eate de fra\u00eecheur. Ces r\u00e9gions du nord-ouest de la France offrent tout ce qu\u2019on aime l\u2019\u00e9t\u00e9 : nature, d\u00e9tente, d\u00e9couvertes, sans la canicule. Si vous r\u00eavez de respirer, de vous ressourcer et de profiter de l\u2019\u00e9t\u00e9 autrement, cet article est pour vous.<\/p>\n\n\n\n<figure class=\"wp-block-image\"><img loading=\"lazy\" decoding=\"async\" width=\"837\" height=\"527\" src=\"https:\/\/fr.camping-and-co.com\/blog\/wp-content\/uploads\/2025\/08\/AD_4nXe3lkvPF2p8PfL0wJUyVI_-zkXNIQPGgcqwNnOzpYevG4EKcoEgWkvKPKiiVuYvCAM4VVDxLiFBuQZ6A-mBEDniswUNX6z8p-nAmnKcUKP0stxKg1DLkiSqMaLRlLcW1tUg2cnq1Q.png\" alt=\"\" class=\"wp-image-2203\" srcset=\"https:\/\/fr.camping-and-co.com\/blog\/wp-content\/uploads\/2025\/08\/AD_4nXe3lkvPF2p8PfL0wJUyVI_-zkXNIQPGgcqwNnOzpYevG4EKcoEgWkvKPKiiVuYvCAM4VVDxLiFBuQZ6A-mBEDniswUNX6z8p-nAmnKcUKP0stxKg1DLkiSqMaLRlLcW1tUg2cnq1Q.png 837w, https:\/\/fr.camping-and-co.com\/blog\/wp-content\/uploads\/2025\/08\/AD_4nXe3lkvPF2p8PfL0wJUyVI_-zkXNIQPGgcqwNnOzpYevG4EKcoEgWkvKPKiiVuYvCAM4VVDxLiFBuQZ6A-mBEDniswUNX6z8p-nAmnKcUKP0stxKg1DLkiSqMaLRlLcW1tUg2cnq1Q-300x189.png 300w, https:\/\/fr.camping-and-co.com\/blog\/wp-content\/uploads\/2025\/08\/AD_4nXe3lkvPF2p8PfL0wJUyVI_-zkXNIQPGgcqwNnOzpYevG4EKcoEgWkvKPKiiVuYvCAM4VVDxLiFBuQZ6A-mBEDniswUNX6z8p-nAmnKcUKP0stxKg1DLkiSqMaLRlLcW1tUg2cnq1Q-768x484.png 768w, https:\/\/fr.camping-and-co.com\/blog\/wp-content\/uploads\/2025\/08\/AD_4nXe3lkvPF2p8PfL0wJUyVI_-zkXNIQPGgcqwNnOzpYevG4EKcoEgWkvKPKiiVuYvCAM4VVDxLiFBuQZ6A-mBEDniswUNX6z8p-nAmnKcUKP0stxKg1DLkiSqMaLRlLcW1tUg2cnq1Q-320x200.png 320w, https:\/\/fr.camping-and-co.com\/blog\/wp-content\/uploads\/2025\/08\/AD_4nXe3lkvPF2p8PfL0wJUyVI_-zkXNIQPGgcqwNnOzpYevG4EKcoEgWkvKPKiiVuYvCAM4VVDxLiFBuQZ6A-mBEDniswUNX6z8p-nAmnKcUKP0stxKg1DLkiSqMaLRlLcW1tUg2cnq1Q-370x232.png 370w\" sizes=\"auto, (max-width: 837px) 100vw, 837px\" \/><figcaption class=\"wp-element-caption\">Les falaises d&#8217;Etretat<\/figcaption><\/figure>\n\n\n\n<h2 class=\"wp-block-heading\">Pourquoi partir en Bretagne ou en Normandie quand il fait chaud ?&nbsp;<\/h2>\n\n\n\n<p>Leur climat temp\u00e9r\u00e9 est un atout majeur. M\u00eame en plein mois d\u2019ao\u00fbt, les temp\u00e9ratures y restent agr\u00e9ables, id\u00e9ales pour les enfants comme pour les seniors. Et avec les brises marines, on \u00e9vite l\u2019\u00e9touffement des grandes villes ou du Sud. Ici, l\u2019air est plus l\u00e9ger et les nuits plus douces.<\/p>\n\n\n\n<h2 class=\"wp-block-heading\">En Bretagne, des paysages \u00e0 couper le souffle&nbsp;<\/h2>\n\n\n\n<p>Des <a href=\"https:\/\/fr.camping-and-co.com\/location-mobil-home-29-finistere\">c\u00f4tes sauvages du Finist\u00e8re<\/a> aux plages du <a href=\"https:\/\/fr.camping-and-co.com\/location-mobil-home-56-morbihan\">Morbihan<\/a>, la Bretagne envo\u00fbte. \u00c0 chaque virage, un panorama diff\u00e9rent : falaises, criques, phares, for\u00eats, \u00eeles. On peut y randonner, nager, fl\u00e2ner dans les ports, ou simplement contempler la mer. M\u00eame sous les nuages, la lumi\u00e8re est magnifique.<\/p>\n\n\n\n<h2 class=\"wp-block-heading\">Que voir absolument en Normandie ?&nbsp;<\/h2>\n\n\n\n<p>Falaises d\u2019<a href=\"https:\/\/fr.camping-and-co.com\/location-camping-etretat-76790\">\u00c9tretat<\/a>, Mont-Saint-Michel, plages du D\u00e9barquement, villages comme <a href=\"https:\/\/fr.camping-and-co.com\/location-camping-honfleur-14600\">Honfleur<\/a> ou Beuvron-en-Auge\u2026 La Normandie s\u00e9duit par son patrimoine et sa nature. C\u2019est une r\u00e9gion charg\u00e9e d\u2019histoire, mais aussi tr\u00e8s verte, parfaite pour des balades au calme.<\/p>\n\n\n\n<figure class=\"wp-block-image\"><img loading=\"lazy\" decoding=\"async\" width=\"1600\" height=\"900\" src=\"https:\/\/fr.camping-and-co.com\/blog\/wp-content\/uploads\/2025\/08\/AD_4nXdcwaMLBau4LQZ3b-A0SQXw5R3kS_PPHMRbv9NImLCBXgfNL5CCBQT_9ZaEksTPKbJMjU31u2cGk0F-vqKX1hvHuEAtl5fcKJJtK_VXEpBFXeY2J10FCuA99eJks4s8bsmCLCVxhw.jpg\" alt=\"\" class=\"wp-image-2204\" srcset=\"https:\/\/fr.camping-and-co.com\/blog\/wp-content\/uploads\/2025\/08\/AD_4nXdcwaMLBau4LQZ3b-A0SQXw5R3kS_PPHMRbv9NImLCBXgfNL5CCBQT_9ZaEksTPKbJMjU31u2cGk0F-vqKX1hvHuEAtl5fcKJJtK_VXEpBFXeY2J10FCuA99eJks4s8bsmCLCVxhw.jpg 1600w, https:\/\/fr.camping-and-co.com\/blog\/wp-content\/uploads\/2025\/08\/AD_4nXdcwaMLBau4LQZ3b-A0SQXw5R3kS_PPHMRbv9NImLCBXgfNL5CCBQT_9ZaEksTPKbJMjU31u2cGk0F-vqKX1hvHuEAtl5fcKJJtK_VXEpBFXeY2J10FCuA99eJks4s8bsmCLCVxhw-300x169.jpg 300w, https:\/\/fr.camping-and-co.com\/blog\/wp-content\/uploads\/2025\/08\/AD_4nXdcwaMLBau4LQZ3b-A0SQXw5R3kS_PPHMRbv9NImLCBXgfNL5CCBQT_9ZaEksTPKbJMjU31u2cGk0F-vqKX1hvHuEAtl5fcKJJtK_VXEpBFXeY2J10FCuA99eJks4s8bsmCLCVxhw-1024x576.jpg 1024w, https:\/\/fr.camping-and-co.com\/blog\/wp-content\/uploads\/2025\/08\/AD_4nXdcwaMLBau4LQZ3b-A0SQXw5R3kS_PPHMRbv9NImLCBXgfNL5CCBQT_9ZaEksTPKbJMjU31u2cGk0F-vqKX1hvHuEAtl5fcKJJtK_VXEpBFXeY2J10FCuA99eJks4s8bsmCLCVxhw-768x432.jpg 768w, https:\/\/fr.camping-and-co.com\/blog\/wp-content\/uploads\/2025\/08\/AD_4nXdcwaMLBau4LQZ3b-A0SQXw5R3kS_PPHMRbv9NImLCBXgfNL5CCBQT_9ZaEksTPKbJMjU31u2cGk0F-vqKX1hvHuEAtl5fcKJJtK_VXEpBFXeY2J10FCuA99eJks4s8bsmCLCVxhw-1536x864.jpg 1536w\" sizes=\"auto, (max-width: 1600px) 100vw, 1600px\" \/><figcaption class=\"wp-element-caption\">Le Mont Saint-Michel<\/figcaption><\/figure>\n\n\n\n<h2 class=\"wp-block-heading\">Des campings tout confort pour un \u00e9t\u00e9 relax&nbsp;<\/h2>\n\n\n\n<p>Que vous soyez en mobil-home, en tente ou en lodge, les campings bretons et normands savent chouchouter leurs vacanciers. On y trouve souvent des piscines chauff\u00e9es, des animations, des espaces enfants et m\u00eame des spas. Parfait pour se d\u00e9tendre sans exploser son budget.<\/p>\n\n\n\n<h2 class=\"wp-block-heading\">Des vacances pour toute la famille&nbsp;<\/h2>\n\n\n\n<p>Ces destinations sont id\u00e9ales avec des enfants : pas trop chaud, des plages adapt\u00e9es, plein d\u2019activit\u00e9s nature et culture. Entre une balade \u00e0 cheval sur la plage, un apr\u00e8s-midi cr\u00eapes et un concours de cerfs-volants, vos enfants vont adorer leurs vacances.<\/p>\n\n\n\n<figure class=\"wp-block-image\"><img loading=\"lazy\" decoding=\"async\" width=\"792\" height=\"527\" src=\"https:\/\/fr.camping-and-co.com\/blog\/wp-content\/uploads\/2025\/08\/AD_4nXfyXJp-3T5mtwxbmtJfdNSAB8RnsbdJTQEoysHuU81AQ1t4YmCNsWRAplYFx5SAAIsjG7XM60lD_7HVTzeKF_NFuLUoBU9jY-x2EOr122PujckedBnVM3TeuALR4eXt4VWioyIkyA.png\" alt=\"\" class=\"wp-image-2201\" srcset=\"https:\/\/fr.camping-and-co.com\/blog\/wp-content\/uploads\/2025\/08\/AD_4nXfyXJp-3T5mtwxbmtJfdNSAB8RnsbdJTQEoysHuU81AQ1t4YmCNsWRAplYFx5SAAIsjG7XM60lD_7HVTzeKF_NFuLUoBU9jY-x2EOr122PujckedBnVM3TeuALR4eXt4VWioyIkyA.png 792w, https:\/\/fr.camping-and-co.com\/blog\/wp-content\/uploads\/2025\/08\/AD_4nXfyXJp-3T5mtwxbmtJfdNSAB8RnsbdJTQEoysHuU81AQ1t4YmCNsWRAplYFx5SAAIsjG7XM60lD_7HVTzeKF_NFuLUoBU9jY-x2EOr122PujckedBnVM3TeuALR4eXt4VWioyIkyA-300x200.png 300w, https:\/\/fr.camping-and-co.com\/blog\/wp-content\/uploads\/2025\/08\/AD_4nXfyXJp-3T5mtwxbmtJfdNSAB8RnsbdJTQEoysHuU81AQ1t4YmCNsWRAplYFx5SAAIsjG7XM60lD_7HVTzeKF_NFuLUoBU9jY-x2EOr122PujckedBnVM3TeuALR4eXt4VWioyIkyA-768x511.png 768w\" sizes=\"auto, (max-width: 792px) 100vw, 792px\" \/><\/figure>\n\n\n\n<h2 class=\"wp-block-heading\">Des plages rafra\u00eechissantes\u2026 et magnifiques&nbsp;<\/h2>\n\n\n\n<p>M\u00eame si la temp\u00e9rature de l\u2019eau est plus fra\u00eeche qu\u2019ailleurs, elle est parfaite pour se baigner l\u2019\u00e9t\u00e9. Plages de sable \u00e0 <a href=\"https:\/\/fr.camping-and-co.com\/location-camping-granville-50400\">Granville<\/a>, criques \u00e0 Belle-\u00cele-en-Mer, vastes \u00e9tendues \u00e0 <a href=\"https:\/\/fr.camping-and-co.com\/location-camping-quiberon-56170\">Quiberon<\/a>\u2026 vous n\u2019aurez que l\u2019embarras du choix pour poser votre serviette.<\/p>\n\n\n\n<h2 class=\"wp-block-heading\">Des activit\u00e9s \u00e0 gogo sans souffrir de la chaleur&nbsp;<\/h2>\n\n\n\n<p>Kayak, voile, randonn\u00e9e, p\u00eache \u00e0 pied, v\u00e9lo sur les voies vertes\u2026 toutes les activit\u00e9s estivales sont possibles, sans transpirer \u00e0 grosses gouttes. En prime, les paysages sont si apaisants que chaque sortie devient un petit moment de bonheur.<\/p>\n\n\n\n<figure class=\"wp-block-image\"><img loading=\"lazy\" decoding=\"async\" width=\"1600\" height=\"900\" src=\"https:\/\/fr.camping-and-co.com\/blog\/wp-content\/uploads\/2025\/08\/AD_4nXci8UWRDI5vDZgrdilJeF1t_YSwA-QjzFlqr35LqNg5I6LREvCIMoErU0fS-PG6_LFsoe3Bvq1Vpv0517uMN0N8Pt3ukFmXvCV9YhQLYzMImtUj8w_ULvmcgR8U15E1er7EoGeu-w.jpg\" alt=\"\" class=\"wp-image-2202\" srcset=\"https:\/\/fr.camping-and-co.com\/blog\/wp-content\/uploads\/2025\/08\/AD_4nXci8UWRDI5vDZgrdilJeF1t_YSwA-QjzFlqr35LqNg5I6LREvCIMoErU0fS-PG6_LFsoe3Bvq1Vpv0517uMN0N8Pt3ukFmXvCV9YhQLYzMImtUj8w_ULvmcgR8U15E1er7EoGeu-w.jpg 1600w, https:\/\/fr.camping-and-co.com\/blog\/wp-content\/uploads\/2025\/08\/AD_4nXci8UWRDI5vDZgrdilJeF1t_YSwA-QjzFlqr35LqNg5I6LREvCIMoErU0fS-PG6_LFsoe3Bvq1Vpv0517uMN0N8Pt3ukFmXvCV9YhQLYzMImtUj8w_ULvmcgR8U15E1er7EoGeu-w-300x169.jpg 300w, https:\/\/fr.camping-and-co.com\/blog\/wp-content\/uploads\/2025\/08\/AD_4nXci8UWRDI5vDZgrdilJeF1t_YSwA-QjzFlqr35LqNg5I6LREvCIMoErU0fS-PG6_LFsoe3Bvq1Vpv0517uMN0N8Pt3ukFmXvCV9YhQLYzMImtUj8w_ULvmcgR8U15E1er7EoGeu-w-1024x576.jpg 1024w, https:\/\/fr.camping-and-co.com\/blog\/wp-content\/uploads\/2025\/08\/AD_4nXci8UWRDI5vDZgrdilJeF1t_YSwA-QjzFlqr35LqNg5I6LREvCIMoErU0fS-PG6_LFsoe3Bvq1Vpv0517uMN0N8Pt3ukFmXvCV9YhQLYzMImtUj8w_ULvmcgR8U15E1er7EoGeu-w-768x432.jpg 768w, https:\/\/fr.camping-and-co.com\/blog\/wp-content\/uploads\/2025\/08\/AD_4nXci8UWRDI5vDZgrdilJeF1t_YSwA-QjzFlqr35LqNg5I6LREvCIMoErU0fS-PG6_LFsoe3Bvq1Vpv0517uMN0N8Pt3ukFmXvCV9YhQLYzMImtUj8w_ULvmcgR8U15E1er7EoGeu-w-1536x864.jpg 1536w\" sizes=\"auto, (max-width: 1600px) 100vw, 1600px\" \/><\/figure>\n\n\n\n<h2 class=\"wp-block-heading\">L\u2019art de bien manger en bord de mer&nbsp;<\/h2>\n\n\n\n<p>Cr\u00eapes, fruits de mer, fromages normands, caramels au beurre sal\u00e9\u2026 ces r\u00e9gions sont aussi des paradis gourmands. On mange bien, local et frais. Et toujours avec vue sur la mer ou les champs.<\/p>\n\n\n\n<h2 class=\"wp-block-heading\">Conclusion : l\u2019\u00e9t\u00e9 autrement, c\u2019est ici&nbsp;<\/h2>\n\n\n\n<p>Si vous en avez assez des \u00e9t\u00e9s br\u00fblants, des plages bond\u00e9es et du bruit, changez d\u2019air. La Bretagne et la Normandie sont des valeurs s\u00fbres pour des vacances reposantes, fra\u00eeches et pleines de charme. Et avec Camping and Co, trouvez facilement le camping qui vous ressemble pour un s\u00e9jour r\u00e9ussi.<\/p>\n\n\n\n<hr class=\"wp-block-separator has-alpha-channel-opacity\"\/>\n\n\n\n<h2 class=\"wp-block-heading\">FAQ \u2013 Partir en Bretagne ou en Normandie ?<\/h2>\n\n\n\n<h3 class=\"wp-block-heading\">Quel est le climat en \u00e9t\u00e9 en Bretagne et en Normandie ?<\/h3>\n\n\n\n<ul class=\"wp-block-list\">\n<li>En Bretagne : les temp\u00e9ratures varient g\u00e9n\u00e9ralement entre 18 et 25 \u00b0C. Le temps peut \u00eatre changeant, avec des passages nuageux et quelques averses, mais aussi de belles \u00e9claircies.<br><\/li>\n\n\n\n<li>En Normandie : le climat est similaire, parfois un peu plus ensoleill\u00e9 dans les terres. La fra\u00eecheur maritime est tr\u00e8s pr\u00e9sente sur le littoral.<\/li>\n<\/ul>\n\n\n\n<h3 class=\"wp-block-heading\">Quelle r\u00e9gion choisir pour l\u2019\u00e9t\u00e9 : la Bretagne ou la Normandie ?<\/h3>\n\n\n\n<ul class=\"wp-block-list\">\n<li>La Bretagne s\u00e9duit par son c\u00f4t\u00e9 sauvage, ses plages de sable fin, ses traditions celtiques et sa gastronomie (cr\u00eapes, cidre, fruits de mer).<br><\/li>\n\n\n\n<li>La Normandie attire avec ses plages du D\u00e9barquement, ses falaises (\u00c9tretat), ses villages typiques et ses sp\u00e9cialit\u00e9s comme le camembert et le cidre.<\/li>\n<\/ul>\n\n\n\n<h3 class=\"wp-block-heading\">Quelles diff\u00e9rences entre les plages bretonnes et normandes ?<\/h3>\n\n\n\n<ul class=\"wp-block-list\">\n<li>En Bretagne, les plages sont souvent entour\u00e9es de nature sauvage. On y trouve des criques, des eaux limpides, des rochers, et un c\u00f4t\u00e9 plus intimiste.<br><\/li>\n\n\n\n<li>En Normandie, les plages sont larges, plates, accessibles. Elles conviennent tr\u00e8s bien aux familles et aux amateurs de balades au bord de l\u2019eau.<\/li>\n<\/ul>\n\n\n\n<h3 class=\"wp-block-heading\">Quelle est la meilleure p\u00e9riode pour partir en Bretagne ou en Normandie ?<\/h3>\n\n\n\n<p>La p\u00e9riode de juin \u00e0 septembre est id\u00e9ale. Juillet et ao\u00fbt sont les mois les plus chauds et anim\u00e9s, mais aussi les plus fr\u00e9quent\u00e9s. Juin et septembre permettent de profiter d\u2019un climat agr\u00e9able avec moins de touristes.<\/p>\n\n\n\n<h3 class=\"wp-block-heading\">Quelles sont les sp\u00e9cialit\u00e9s locales \u00e0 d\u00e9couvrir en Bretagne et en Normandie ?<\/h3>\n\n\n\n<p>En Bretagne :<\/p>\n\n\n\n<ul class=\"wp-block-list\">\n<li>Les cr\u00eapes et galettes (au sarrasin pour les sal\u00e9es) sont incontournables, souvent accompagn\u00e9es d\u2019un bol de cidre.<br><\/li>\n\n\n\n<li>Le kouign-amann, une p\u00e2tisserie fondante au beurre et au sucre, ravira les gourmands.<br><\/li>\n\n\n\n<li>Les fruits de mer : hu\u00eetres de Cancale, moules de bouchot, homards et langoustines sont tr\u00e8s appr\u00e9ci\u00e9s.<br><\/li>\n\n\n\n<li>C\u00f4t\u00e9 boissons, on retrouve le cidre breton, le chouchen (hydromel local), et des bi\u00e8res artisanales.<br><\/li>\n<\/ul>\n\n\n\n<p>En Normandie :<\/p>\n\n\n\n<ul class=\"wp-block-list\">\n<li>Le camembert, le livarot et le pont-l\u2019\u00e9v\u00eaque, trois fromages embl\u00e9matiques \u00e0 go\u00fbter absolument.<br><\/li>\n\n\n\n<li>Les pommes sont \u00e0 l\u2019honneur dans les desserts (tarte normande), les boissons (cidre, calvados) ou encore les sauces culinaires.<br><\/li>\n\n\n\n<li>La teurgoule, riz au lait \u00e0 la cannelle, est un dessert typique.<br><\/li>\n\n\n\n<li>Les coquilles Saint-Jacques sont une sp\u00e9cialit\u00e9 des c\u00f4tes normandes en saison.<\/li>\n<\/ul>\n","protected":false},"excerpt":{"rendered":"<p>Des vacances bretonnes ou normandes loin de la canicule Quand le thermom\u00e8tre grimpe ailleurs, la Bretagne et la Normandie deviennent de v\u00e9ritables refuges pour les&hellip;<\/p>\n","protected":false},"author":2,"featured_media":2204,"comment_status":"closed","ping_status":"open","sticky":false,"template":"","format":"standard","meta":{"cybocfi_hide_featured_image":"yes","footnotes":""},"categories":[3],"tags":[],"class_list":["post-2197","post","type-post","status-publish","format-standard","has-post-thumbnail","hentry","category-destinations","col-sm-6"],"yoast_head":"<!-- This site is optimized with the Yoast SEO plugin v27.5 - https:\/\/yoast.com\/product\/yoast-seo-wordpress\/ -->\n<title>Des vacances en ao\u00fbt au frais en Bretagne ou en Normandie\u00a0<\/title>\n<meta name=\"description\" content=\"Des vacances bretonnes ou normandes loin de la canicule en location de camping\" \/>\n<meta name=\"robots\" content=\"index, follow, max-snippet:-1, max-image-preview:large, max-video-preview:-1\" \/>\n<link rel=\"canonical\" href=\"https:\/\/fr.camping-and-co.com\/blog\/des-vacances-en-aout-au-frais-en-bretagne-ou-en-normandie\/\" \/>\n<meta property=\"og:locale\" content=\"fr_FR\" \/>\n<meta property=\"og:type\" content=\"article\" \/>\n<meta property=\"og:title\" content=\"Des vacances en ao\u00fbt au frais en Bretagne ou en Normandie\u00a0\" \/>\n<meta property=\"og:description\" content=\"Des vacances bretonnes ou normandes loin de la canicule en location de camping\" \/>\n<meta property=\"og:url\" content=\"https:\/\/fr.camping-and-co.com\/blog\/des-vacances-en-aout-au-frais-en-bretagne-ou-en-normandie\/\" \/>\n<meta property=\"og:site_name\" content=\"Camping and Co\" \/>\n<meta property=\"article:publisher\" content=\"https:\/\/www.facebook.com\/CampingandcoFR\" \/>\n<meta property=\"article:author\" content=\"https:\/\/www.facebook.com\/CampingandcoFR\" \/>\n<meta property=\"article:published_time\" content=\"2025-08-07T14:06:22+00:00\" \/>\n<meta property=\"article:modified_time\" content=\"2025-10-29T14:37:42+00:00\" \/>\n<meta property=\"og:image\" content=\"https:\/\/fr.camping-and-co.com\/blog\/wp-content\/uploads\/2025\/08\/AD_4nXdcwaMLBau4LQZ3b-A0SQXw5R3kS_PPHMRbv9NImLCBXgfNL5CCBQT_9ZaEksTPKbJMjU31u2cGk0F-vqKX1hvHuEAtl5fcKJJtK_VXEpBFXeY2J10FCuA99eJks4s8bsmCLCVxhw.jpg\" \/>\n\t<meta property=\"og:image:width\" content=\"1600\" \/>\n\t<meta property=\"og:image:height\" content=\"900\" \/>\n\t<meta property=\"og:image:type\" content=\"image\/jpeg\" \/>\n<meta name=\"author\" content=\"Aur\u00e9lie\" \/>\n<meta name=\"twitter:card\" content=\"summary_large_image\" \/>\n<meta name=\"twitter:label1\" content=\"\u00c9crit par\" \/>\n\t<meta name=\"twitter:data1\" content=\"Aur\u00e9lie\" \/>\n\t<meta name=\"twitter:label2\" content=\"Dur\u00e9e de lecture estim\u00e9e\" \/>\n\t<meta name=\"twitter:data2\" content=\"6 minutes\" \/>\n<script type=\"application\/ld+json\" class=\"yoast-schema-graph\">{\"@context\":\"https:\\\/\\\/schema.org\",\"@graph\":[{\"@type\":\"Article\",\"@id\":\"https:\\\/\\\/fr.camping-and-co.com\\\/blog\\\/des-vacances-en-aout-au-frais-en-bretagne-ou-en-normandie\\\/#article\",\"isPartOf\":{\"@id\":\"https:\\\/\\\/fr.camping-and-co.com\\\/blog\\\/des-vacances-en-aout-au-frais-en-bretagne-ou-en-normandie\\\/\"},\"author\":{\"name\":\"Aur\u00e9lie\",\"@id\":\"https:\\\/\\\/fr.camping-and-co.com\\\/blog\\\/#\\\/schema\\\/person\\\/840cc9716367b593e549e316ee9081e8\"},\"headline\":\"Des vacances en ao\u00fbt au frais en Bretagne ou en Normandie\u00a0\",\"datePublished\":\"2025-08-07T14:06:22+00:00\",\"dateModified\":\"2025-10-29T14:37:42+00:00\",\"mainEntityOfPage\":{\"@id\":\"https:\\\/\\\/fr.camping-and-co.com\\\/blog\\\/des-vacances-en-aout-au-frais-en-bretagne-ou-en-normandie\\\/\"},\"wordCount\":1001,\"publisher\":{\"@id\":\"https:\\\/\\\/fr.camping-and-co.com\\\/blog\\\/#organization\"},\"image\":{\"@id\":\"https:\\\/\\\/fr.camping-and-co.com\\\/blog\\\/des-vacances-en-aout-au-frais-en-bretagne-ou-en-normandie\\\/#primaryimage\"},\"thumbnailUrl\":\"https:\\\/\\\/fr.camping-and-co.com\\\/blog\\\/wp-content\\\/uploads\\\/2025\\\/08\\\/AD_4nXdcwaMLBau4LQZ3b-A0SQXw5R3kS_PPHMRbv9NImLCBXgfNL5CCBQT_9ZaEksTPKbJMjU31u2cGk0F-vqKX1hvHuEAtl5fcKJJtK_VXEpBFXeY2J10FCuA99eJks4s8bsmCLCVxhw.jpg\",\"articleSection\":[\"Destinations\"],\"inLanguage\":\"fr-FR\"},{\"@type\":\"WebPage\",\"@id\":\"https:\\\/\\\/fr.camping-and-co.com\\\/blog\\\/des-vacances-en-aout-au-frais-en-bretagne-ou-en-normandie\\\/\",\"url\":\"https:\\\/\\\/fr.camping-and-co.com\\\/blog\\\/des-vacances-en-aout-au-frais-en-bretagne-ou-en-normandie\\\/\",\"name\":\"Des vacances en ao\u00fbt au frais en Bretagne ou en Normandie\u00a0\",\"isPartOf\":{\"@id\":\"https:\\\/\\\/fr.camping-and-co.com\\\/blog\\\/#website\"},\"primaryImageOfPage\":{\"@id\":\"https:\\\/\\\/fr.camping-and-co.com\\\/blog\\\/des-vacances-en-aout-au-frais-en-bretagne-ou-en-normandie\\\/#primaryimage\"},\"image\":{\"@id\":\"https:\\\/\\\/fr.camping-and-co.com\\\/blog\\\/des-vacances-en-aout-au-frais-en-bretagne-ou-en-normandie\\\/#primaryimage\"},\"thumbnailUrl\":\"https:\\\/\\\/fr.camping-and-co.com\\\/blog\\\/wp-content\\\/uploads\\\/2025\\\/08\\\/AD_4nXdcwaMLBau4LQZ3b-A0SQXw5R3kS_PPHMRbv9NImLCBXgfNL5CCBQT_9ZaEksTPKbJMjU31u2cGk0F-vqKX1hvHuEAtl5fcKJJtK_VXEpBFXeY2J10FCuA99eJks4s8bsmCLCVxhw.jpg\",\"datePublished\":\"2025-08-07T14:06:22+00:00\",\"dateModified\":\"2025-10-29T14:37:42+00:00\",\"description\":\"Des vacances bretonnes ou normandes loin de la canicule en location de camping\",\"breadcrumb\":{\"@id\":\"https:\\\/\\\/fr.camping-and-co.com\\\/blog\\\/des-vacances-en-aout-au-frais-en-bretagne-ou-en-normandie\\\/#breadcrumb\"},\"inLanguage\":\"fr-FR\",\"potentialAction\":[{\"@type\":\"ReadAction\",\"target\":[\"https:\\\/\\\/fr.camping-and-co.com\\\/blog\\\/des-vacances-en-aout-au-frais-en-bretagne-ou-en-normandie\\\/\"]}]},{\"@type\":\"BreadcrumbList\",\"@id\":\"https:\\\/\\\/fr.camping-and-co.com\\\/blog\\\/des-vacances-en-aout-au-frais-en-bretagne-ou-en-normandie\\\/#breadcrumb\",\"itemListElement\":[{\"@type\":\"ListItem\",\"position\":1,\"name\":\"Home\",\"item\":\"https:\\\/\\\/fr.camping-and-co.com\\\/blog\\\/\"},{\"@type\":\"ListItem\",\"position\":2,\"name\":\"Des vacances en ao\u00fbt au frais en Bretagne ou en Normandie\u00a0\"}]},{\"@type\":\"WebSite\",\"@id\":\"https:\\\/\\\/fr.camping-and-co.com\\\/blog\\\/#website\",\"url\":\"https:\\\/\\\/fr.camping-and-co.com\\\/blog\\\/\",\"name\":\"Camping and co\",\"description\":\"Le Choix, Le Prix, La Qualit\u00e9\",\"publisher\":{\"@id\":\"https:\\\/\\\/fr.camping-and-co.com\\\/blog\\\/#organization\"},\"potentialAction\":[{\"@type\":\"SearchAction\",\"target\":{\"@type\":\"EntryPoint\",\"urlTemplate\":\"https:\\\/\\\/fr.camping-and-co.com\\\/blog\\\/?s={search_term_string}\"},\"query-input\":{\"@type\":\"PropertyValueSpecification\",\"valueRequired\":true,\"valueName\":\"search_term_string\"}}],\"inLanguage\":\"fr-FR\"},{\"@type\":\"Organization\",\"@id\":\"https:\\\/\\\/fr.camping-and-co.com\\\/blog\\\/#organization\",\"name\":\"Camping and co\",\"url\":\"https:\\\/\\\/fr.camping-and-co.com\\\/blog\\\/\",\"logo\":{\"@type\":\"ImageObject\",\"inLanguage\":\"fr-FR\",\"@id\":\"https:\\\/\\\/fr.camping-and-co.com\\\/blog\\\/#\\\/schema\\\/logo\\\/image\\\/\",\"url\":\"https:\\\/\\\/fr.camping-and-co.com\\\/blog\\\/wp-content\\\/uploads\\\/2017\\\/12\\\/cropped-camping-and-co-logo.png\",\"contentUrl\":\"https:\\\/\\\/fr.camping-and-co.com\\\/blog\\\/wp-content\\\/uploads\\\/2017\\\/12\\\/cropped-camping-and-co-logo.png\",\"width\":391,\"height\":76,\"caption\":\"Camping and co\"},\"image\":{\"@id\":\"https:\\\/\\\/fr.camping-and-co.com\\\/blog\\\/#\\\/schema\\\/logo\\\/image\\\/\"},\"sameAs\":[\"https:\\\/\\\/www.facebook.com\\\/CampingandcoFR\",\"https:\\\/\\\/www.youtube.com\\\/@Camping-and-Co\",\"https:\\\/\\\/www.instagram.com\\\/camping_and_co\",\"https:\\\/\\\/www.tiktok.com\\\/@campingandco\"]},{\"@type\":\"Person\",\"@id\":\"https:\\\/\\\/fr.camping-and-co.com\\\/blog\\\/#\\\/schema\\\/person\\\/840cc9716367b593e549e316ee9081e8\",\"name\":\"Aur\u00e9lie\",\"image\":{\"@type\":\"ImageObject\",\"inLanguage\":\"fr-FR\",\"@id\":\"https:\\\/\\\/secure.gravatar.com\\\/avatar\\\/190a20cf653cbd65227f147e29ba807b87756468d5f43f2bd051ee2666b49c56?s=96&d=mm&r=g\",\"url\":\"https:\\\/\\\/secure.gravatar.com\\\/avatar\\\/190a20cf653cbd65227f147e29ba807b87756468d5f43f2bd051ee2666b49c56?s=96&d=mm&r=g\",\"contentUrl\":\"https:\\\/\\\/secure.gravatar.com\\\/avatar\\\/190a20cf653cbd65227f147e29ba807b87756468d5f43f2bd051ee2666b49c56?s=96&d=mm&r=g\",\"caption\":\"Aur\u00e9lie\"},\"sameAs\":[\"https:\\\/\\\/fr.camping-and-co.com\\\/blog\\\/\",\"https:\\\/\\\/www.facebook.com\\\/CampingandcoFR\",\"https:\\\/\\\/www.instagram.com\\\/camping_and_co\",\"https:\\\/\\\/www.youtube.com\\\/@Camping-and-Co\"]}]}<\/script>\n<!-- \/ Yoast SEO plugin. -->","yoast_head_json":{"title":"Des vacances en ao\u00fbt au frais en Bretagne ou en Normandie\u00a0","description":"Des vacances bretonnes ou normandes loin de la canicule en location de camping","robots":{"index":"index","follow":"follow","max-snippet":"max-snippet:-1","max-image-preview":"max-image-preview:large","max-video-preview":"max-video-preview:-1"},"canonical":"https:\/\/fr.camping-and-co.com\/blog\/des-vacances-en-aout-au-frais-en-bretagne-ou-en-normandie\/","og_locale":"fr_FR","og_type":"article","og_title":"Des vacances en ao\u00fbt au frais en Bretagne ou en Normandie\u00a0","og_description":"Des vacances bretonnes ou normandes loin de la canicule en location de camping","og_url":"https:\/\/fr.camping-and-co.com\/blog\/des-vacances-en-aout-au-frais-en-bretagne-ou-en-normandie\/","og_site_name":"Camping and Co","article_publisher":"https:\/\/www.facebook.com\/CampingandcoFR","article_author":"https:\/\/www.facebook.com\/CampingandcoFR","article_published_time":"2025-08-07T14:06:22+00:00","article_modified_time":"2025-10-29T14:37:42+00:00","og_image":[{"width":1600,"height":900,"url":"https:\/\/fr.camping-and-co.com\/blog\/wp-content\/uploads\/2025\/08\/AD_4nXdcwaMLBau4LQZ3b-A0SQXw5R3kS_PPHMRbv9NImLCBXgfNL5CCBQT_9ZaEksTPKbJMjU31u2cGk0F-vqKX1hvHuEAtl5fcKJJtK_VXEpBFXeY2J10FCuA99eJks4s8bsmCLCVxhw.jpg","type":"image\/jpeg"}],"author":"Aur\u00e9lie","twitter_card":"summary_large_image","twitter_misc":{"\u00c9crit par":"Aur\u00e9lie","Dur\u00e9e de lecture estim\u00e9e":"6 minutes"},"schema":{"@context":"https:\/\/schema.org","@graph":[{"@type":"Article","@id":"https:\/\/fr.camping-and-co.com\/blog\/des-vacances-en-aout-au-frais-en-bretagne-ou-en-normandie\/#article","isPartOf":{"@id":"https:\/\/fr.camping-and-co.com\/blog\/des-vacances-en-aout-au-frais-en-bretagne-ou-en-normandie\/"},"author":{"name":"Aur\u00e9lie","@id":"https:\/\/fr.camping-and-co.com\/blog\/#\/schema\/person\/840cc9716367b593e549e316ee9081e8"},"headline":"Des vacances en ao\u00fbt au frais en Bretagne ou en Normandie\u00a0","datePublished":"2025-08-07T14:06:22+00:00","dateModified":"2025-10-29T14:37:42+00:00","mainEntityOfPage":{"@id":"https:\/\/fr.camping-and-co.com\/blog\/des-vacances-en-aout-au-frais-en-bretagne-ou-en-normandie\/"},"wordCount":1001,"publisher":{"@id":"https:\/\/fr.camping-and-co.com\/blog\/#organization"},"image":{"@id":"https:\/\/fr.camping-and-co.com\/blog\/des-vacances-en-aout-au-frais-en-bretagne-ou-en-normandie\/#primaryimage"},"thumbnailUrl":"https:\/\/fr.camping-and-co.com\/blog\/wp-content\/uploads\/2025\/08\/AD_4nXdcwaMLBau4LQZ3b-A0SQXw5R3kS_PPHMRbv9NImLCBXgfNL5CCBQT_9ZaEksTPKbJMjU31u2cGk0F-vqKX1hvHuEAtl5fcKJJtK_VXEpBFXeY2J10FCuA99eJks4s8bsmCLCVxhw.jpg","articleSection":["Destinations"],"inLanguage":"fr-FR"},{"@type":"WebPage","@id":"https:\/\/fr.camping-and-co.com\/blog\/des-vacances-en-aout-au-frais-en-bretagne-ou-en-normandie\/","url":"https:\/\/fr.camping-and-co.com\/blog\/des-vacances-en-aout-au-frais-en-bretagne-ou-en-normandie\/","name":"Des vacances en ao\u00fbt au frais en Bretagne ou en Normandie\u00a0","isPartOf":{"@id":"https:\/\/fr.camping-and-co.com\/blog\/#website"},"primaryImageOfPage":{"@id":"https:\/\/fr.camping-and-co.com\/blog\/des-vacances-en-aout-au-frais-en-bretagne-ou-en-normandie\/#primaryimage"},"image":{"@id":"https:\/\/fr.camping-and-co.com\/blog\/des-vacances-en-aout-au-frais-en-bretagne-ou-en-normandie\/#primaryimage"},"thumbnailUrl":"https:\/\/fr.camping-and-co.com\/blog\/wp-content\/uploads\/2025\/08\/AD_4nXdcwaMLBau4LQZ3b-A0SQXw5R3kS_PPHMRbv9NImLCBXgfNL5CCBQT_9ZaEksTPKbJMjU31u2cGk0F-vqKX1hvHuEAtl5fcKJJtK_VXEpBFXeY2J10FCuA99eJks4s8bsmCLCVxhw.jpg","datePublished":"2025-08-07T14:06:22+00:00","dateModified":"2025-10-29T14:37:42+00:00","description":"Des vacances bretonnes ou normandes loin de la canicule en location de camping","breadcrumb":{"@id":"https:\/\/fr.camping-and-co.com\/blog\/des-vacances-en-aout-au-frais-en-bretagne-ou-en-normandie\/#breadcrumb"},"inLanguage":"fr-FR","potentialAction":[{"@type":"ReadAction","target":["https:\/\/fr.camping-and-co.com\/blog\/des-vacances-en-aout-au-frais-en-bretagne-ou-en-normandie\/"]}]},{"@type":"BreadcrumbList","@id":"https:\/\/fr.camping-and-co.com\/blog\/des-vacances-en-aout-au-frais-en-bretagne-ou-en-normandie\/#breadcrumb","itemListElement":[{"@type":"ListItem","position":1,"name":"Home","item":"https:\/\/fr.camping-and-co.com\/blog\/"},{"@type":"ListItem","position":2,"name":"Des vacances en ao\u00fbt au frais en Bretagne ou en Normandie\u00a0"}]},{"@type":"WebSite","@id":"https:\/\/fr.camping-and-co.com\/blog\/#website","url":"https:\/\/fr.camping-and-co.com\/blog\/","name":"Camping and co","description":"Le Choix, Le Prix, La Qualit\u00e9","publisher":{"@id":"https:\/\/fr.camping-and-co.com\/blog\/#organization"},"potentialAction":[{"@type":"SearchAction","target":{"@type":"EntryPoint","urlTemplate":"https:\/\/fr.camping-and-co.com\/blog\/?s={search_term_string}"},"query-input":{"@type":"PropertyValueSpecification","valueRequired":true,"valueName":"search_term_string"}}],"inLanguage":"fr-FR"},{"@type":"Organization","@id":"https:\/\/fr.camping-and-co.com\/blog\/#organization","name":"Camping and co","url":"https:\/\/fr.camping-and-co.com\/blog\/","logo":{"@type":"ImageObject","inLanguage":"fr-FR","@id":"https:\/\/fr.camping-and-co.com\/blog\/#\/schema\/logo\/image\/","url":"https:\/\/fr.camping-and-co.com\/blog\/wp-content\/uploads\/2017\/12\/cropped-camping-and-co-logo.png","contentUrl":"https:\/\/fr.camping-and-co.com\/blog\/wp-content\/uploads\/2017\/12\/cropped-camping-and-co-logo.png","width":391,"height":76,"caption":"Camping and co"},"image":{"@id":"https:\/\/fr.camping-and-co.com\/blog\/#\/schema\/logo\/image\/"},"sameAs":["https:\/\/www.facebook.com\/CampingandcoFR","https:\/\/www.youtube.com\/@Camping-and-Co","https:\/\/www.instagram.com\/camping_and_co","https:\/\/www.tiktok.com\/@campingandco"]},{"@type":"Person","@id":"https:\/\/fr.camping-and-co.com\/blog\/#\/schema\/person\/840cc9716367b593e549e316ee9081e8","name":"Aur\u00e9lie","image":{"@type":"ImageObject","inLanguage":"fr-FR","@id":"https:\/\/secure.gravatar.com\/avatar\/190a20cf653cbd65227f147e29ba807b87756468d5f43f2bd051ee2666b49c56?s=96&d=mm&r=g","url":"https:\/\/secure.gravatar.com\/avatar\/190a20cf653cbd65227f147e29ba807b87756468d5f43f2bd051ee2666b49c56?s=96&d=mm&r=g","contentUrl":"https:\/\/secure.gravatar.com\/avatar\/190a20cf653cbd65227f147e29ba807b87756468d5f43f2bd051ee2666b49c56?s=96&d=mm&r=g","caption":"Aur\u00e9lie"},"sameAs":["https:\/\/fr.camping-and-co.com\/blog\/","https:\/\/www.facebook.com\/CampingandcoFR","https:\/\/www.instagram.com\/camping_and_co","https:\/\/www.youtube.com\/@Camping-and-Co"]}]}},"_links":{"self":[{"href":"https:\/\/fr.camping-and-co.com\/blog\/wp-json\/wp\/v2\/posts\/2197","targetHints":{"allow":["GET"]}}],"collection":[{"href":"https:\/\/fr.camping-and-co.com\/blog\/wp-json\/wp\/v2\/posts"}],"about":[{"href":"https:\/\/fr.camping-and-co.com\/blog\/wp-json\/wp\/v2\/types\/post"}],"author":[{"embeddable":true,"href":"https:\/\/fr.camping-and-co.com\/blog\/wp-json\/wp\/v2\/users\/2"}],"replies":[{"embeddable":true,"href":"https:\/\/fr.camping-and-co.com\/blog\/wp-json\/wp\/v2\/comments?post=2197"}],"version-history":[{"count":3,"href":"https:\/\/fr.camping-and-co.com\/blog\/wp-json\/wp\/v2\/posts\/2197\/revisions"}],"predecessor-version":[{"id":2209,"href":"https:\/\/fr.camping-and-co.com\/blog\/wp-json\/wp\/v2\/posts\/2197\/revisions\/2209"}],"wp:featuredmedia":[{"embeddable":true,"href":"https:\/\/fr.camping-and-co.com\/blog\/wp-json\/wp\/v2\/media\/2204"}],"wp:attachment":[{"href":"https:\/\/fr.camping-and-co.com\/blog\/wp-json\/wp\/v2\/media?parent=2197"}],"wp:term":[{"taxonomy":"category","embeddable":true,"href":"https:\/\/fr.camping-and-co.com\/blog\/wp-json\/wp\/v2\/categories?post=2197"},{"taxonomy":"post_tag","embeddable":true,"href":"https:\/\/fr.camping-and-co.com\/blog\/wp-json\/wp\/v2\/tags?post=2197"}],"curies":[{"name":"wp","href":"https:\/\/api.w.org\/{rel}","templated":true}]}}