{"id":2495,"date":"2026-03-17T11:12:01","date_gmt":"2026-03-17T10:12:01","guid":{"rendered":"https:\/\/fr.camping-and-co.com\/blog\/?p=2495"},"modified":"2026-03-17T11:12:27","modified_gmt":"2026-03-17T10:12:27","slug":"camping-vacances-paques","status":"publish","type":"post","link":"https:\/\/fr.camping-and-co.com\/blog\/camping-vacances-paques\/","title":{"rendered":"O\u00f9 partir en camping pour les vacances de P\u00e2ques ?"},"content":{"rendered":"\n<p>Les <a href=\"https:\/\/fr.camping-and-co.com\/sr-vacances-paques\">vacances de P\u00e2ques<\/a> marquent le retour des beaux jours et l\u2019envie de s\u2019\u00e9vader apr\u00e8s l\u2019hiver. La nature rena\u00eet, les temp\u00e9ratures deviennent plus douces et les journ\u00e9es s\u2019allongent, offrant des conditions id\u00e9ales pour partir en camping.&nbsp;<\/p>\n\n\n\n<figure class=\"wp-block-image size-full\"><img loading=\"lazy\" decoding=\"async\" width=\"600\" height=\"400\" src=\"https:\/\/fr.camping-and-co.com\/blog\/wp-content\/uploads\/2026\/03\/Design-sans-titre51.png\" alt=\"Chasse aux \u0153ufs color\u00e9s sur une plage\" class=\"wp-image-2497\" srcset=\"https:\/\/fr.camping-and-co.com\/blog\/wp-content\/uploads\/2026\/03\/Design-sans-titre51.png 600w, https:\/\/fr.camping-and-co.com\/blog\/wp-content\/uploads\/2026\/03\/Design-sans-titre51-300x200.png 300w\" sizes=\"auto, (max-width: 600px) 100vw, 600px\" \/><figcaption class=\"wp-element-caption\">Animation de P\u00e2ques sur la plage pour les familles.<\/figcaption><\/figure>\n\n\n\n<p>Les vacances de P\u00e2ques en camping permettent aussi de visiter des sites embl\u00e9matiques dans une atmosph\u00e8re plus paisible qu\u2019en \u00e9t\u00e9. Entre mer, campagne et montagne, certaines destinations sont particuli\u00e8rement adapt\u00e9es \u00e0 cette p\u00e9riode et offrent de nombreuses activit\u00e9s originales.<\/p>\n\n\n\n<h2 class=\"wp-block-heading\">La Provence et le Luberon : nature, villages et saveurs<\/h2>\n\n\n\n<p>Au printemps, la Provence est l\u2019une des plus belles r\u00e9gions pour des vacances de P\u00e2ques en camping. Les paysages sont fleuris, les march\u00e9s reprennent vie et les temp\u00e9ratures sont id\u00e9ales pour explorer les villages et les espaces naturels.<\/p>\n\n\n\n<h3 class=\"wp-block-heading\">Lieux \u00e0 d\u00e9couvrir<\/h3>\n\n\n\n<ul class=\"wp-block-list\">\n<li>Les villages du Luberon comme Gordes ou Roussillon<br><\/li>\n\n\n\n<li>Le Colorado proven\u00e7al et ses falaises ocres<br><\/li>\n\n\n\n<li>Les march\u00e9s traditionnels d\u2019Apt ou de Lourmarin<br><\/li>\n\n\n\n<li>Les petites routes bord\u00e9es d\u2019amandiers en fleurs<br><\/li>\n\n\n\n<li>Les paysages du parc naturel r\u00e9gional du Luberon<br><\/li>\n<\/ul>\n\n\n\n<h3 class=\"wp-block-heading\">Activit\u00e9s recommand\u00e9es<\/h3>\n\n\n\n<ul class=\"wp-block-list\">\n<li>Parcourir le sentier des ocres de Roussillon au lever du matin pour profiter des couleurs sans affluence<br><\/li>\n\n\n\n<li>Visiter une oliveraie et participer \u00e0 une d\u00e9gustation d\u2019huiles locales<br><\/li>\n\n\n\n<li>Louer un v\u00e9lo \u00e9lectrique pour relier plusieurs villages perch\u00e9s en une journ\u00e9e<br><\/li>\n\n\n\n<li>Participer \u00e0 un atelier de cuisine proven\u00e7ale dans un village du Luberon<br><\/li>\n\n\n\n<li>Explorer les anciennes carri\u00e8res d\u2019ocre du Colorado proven\u00e7al<br><\/li>\n<\/ul>\n\n\n\n<p>Le printemps permet de profiter pleinement des paysages proven\u00e7aux sans la chaleur de l\u2019\u00e9t\u00e9.<\/p>\n\n\n\n<h2 class=\"wp-block-heading\">Le bassin d\u2019Arcachon : nature et d\u00e9couvertes insolites<\/h2>\n\n\n\n<p>Le bassin d\u2019Arcachon est une destination parfaite pour les vacances de P\u00e2ques en camping. \u00c0 cette p\u00e9riode, les paysages sont lumineux et les sites embl\u00e9matiques se d\u00e9couvrent dans une ambiance plus calme.<\/p>\n\n\n\n<h3 class=\"wp-block-heading\">Lieux \u00e0 visiter<\/h3>\n\n\n\n<ul class=\"wp-block-list\">\n<li>La dune du Pilat et son panorama sur l\u2019oc\u00e9an<br><\/li>\n\n\n\n<li>Les cabanes ostr\u00e9icoles du Cap-Ferret<br><\/li>\n\n\n\n<li>L\u2019\u00eele aux Oiseaux et ses cabanes tchanqu\u00e9es<br><\/li>\n\n\n\n<li>Les ports typiques du bassin<br><\/li>\n\n\n\n<li>Les pistes cyclables en for\u00eat<br><\/li>\n<\/ul>\n\n\n\n<h3 class=\"wp-block-heading\">Activit\u00e9s \u00e0 faire<\/h3>\n\n\n\n<ul class=\"wp-block-list\">\n<li>Monter au sommet de la dune du Pilat au coucher du soleil pour admirer la lumi\u00e8re sur le banc d\u2019Arguin<br><\/li>\n\n\n\n<li>Faire une sortie en pinasse traditionnelle autour de l\u2019\u00eele aux Oiseaux<br><\/li>\n\n\n\n<li>Participer \u00e0 une d\u00e9gustation d\u2019hu\u00eetres directement chez un producteur<br><\/li>\n\n\n\n<li>Parcourir la piste cyclable entre Arcachon et le Cap-Ferret en longeant la for\u00eat et le bassin<br><\/li>\n\n\n\n<li>Observer les oiseaux dans la r\u00e9serve ornithologique du Teich<br><\/li>\n<\/ul>\n\n\n\n<p>Cette destination offre un m\u00e9lange id\u00e9al entre activit\u00e9s nature et d\u00e9couvertes locales.<\/p>\n\n\n\n<h2 class=\"wp-block-heading\">L\u2019Ard\u00e8che : aventure et paysages spectaculaires<\/h2>\n\n\n\n<p>L\u2019Ard\u00e8che est particuli\u00e8rement agr\u00e9able au printemps. Les rivi\u00e8res sont aliment\u00e9es par les pluies hivernales et la v\u00e9g\u00e9tation est tr\u00e8s verte, ce qui rend les paysages encore plus impressionnants pour des vacances de P\u00e2ques en camping.<\/p>\n\n\n\n<h3 class=\"wp-block-heading\">Sites incontournables<\/h3>\n\n\n\n<ul class=\"wp-block-list\">\n<li>Les gorges de l\u2019Ard\u00e8che<br><\/li>\n\n\n\n<li>Le pont d\u2019Arc<br><\/li>\n\n\n\n<li>Les villages de Balazuc ou Vog\u00fc\u00e9<br><\/li>\n\n\n\n<li>La route touristique des gorges<br><\/li>\n\n\n\n<li>Les grottes naturelles<br><\/li>\n<\/ul>\n\n\n\n<h3 class=\"wp-block-heading\">Activit\u00e9s recommand\u00e9es<\/h3>\n\n\n\n<ul class=\"wp-block-list\">\n<li>Descendre une portion des gorges en cano\u00eb lorsque le niveau de la rivi\u00e8re le permet<br><\/li>\n\n\n\n<li>Explorer l\u2019aven d\u2019Orgnac lors d\u2019une visite guid\u00e9e souterraine<br><\/li>\n\n\n\n<li>Parcourir la route panoramique des gorges avec des arr\u00eats aux belv\u00e9d\u00e8res<br><\/li>\n\n\n\n<li>Faire une randonn\u00e9e jusqu\u2019au cirque de Gens pour admirer les falaises calcaires<br><\/li>\n\n\n\n<li>D\u00e9couvrir une ferme locale et d\u00e9guster fromages ou ch\u00e2taignes transform\u00e9es<br><\/li>\n<\/ul>\n\n\n\n<p>Au printemps, l\u2019Ard\u00e8che offre une vraie sensation d\u2019aventure dans un environnement naturel spectaculaire.<\/p>\n\n\n\n<h2 class=\"wp-block-heading\">La Bretagne : paysages sauvages et patrimoine maritime<\/h2>\n\n\n\n<p><a href=\"https:\/\/fr.camping-and-co.com\/blog\/5-lieux-incontournables-bretagne\/\">La Bretagne<\/a> est une destination id\u00e9ale pour les vacances de P\u00e2ques en camping. Le printemps met en valeur ses paysages verdoyants et ses c\u00f4tes sauvages, parfaites pour des activit\u00e9s originales.<\/p>\n\n\n\n<h3 class=\"wp-block-heading\">\u00c0 d\u00e9couvrir pendant votre s\u00e9jour<\/h3>\n\n\n\n<ul class=\"wp-block-list\">\n<li>La c\u00f4te de granit rose<br><\/li>\n\n\n\n<li>Les ports de p\u00eache traditionnels<br><\/li>\n\n\n\n<li>Les \u00eeles accessibles en bateau<br><\/li>\n\n\n\n<li>Les phares embl\u00e9matiques<br><\/li>\n\n\n\n<li>Les falaises sauvages<br><\/li>\n<\/ul>\n\n\n\n<h3 class=\"wp-block-heading\">Activit\u00e9s possibles<\/h3>\n\n\n\n<ul class=\"wp-block-list\">\n<li>Parcourir une portion du sentier des douaniers entre Perros-Guirec et Ploumanac\u2019h<br><\/li>\n\n\n\n<li>Visiter une conserverie artisanale et d\u00e9couvrir la fabrication des sp\u00e9cialit\u00e9s locales<br><\/li>\n\n\n\n<li>Faire une excursion en bateau vers l\u2019archipel des Sept-\u00celes pour observer les oiseaux marins<br><\/li>\n\n\n\n<li>Explorer les chaos rocheux de la c\u00f4te de granit rose avec un guide nature<br><\/li>\n\n\n\n<li>D\u00e9couvrir les alignements de menhirs de Carnac avec un parcours de visite balis\u00e9<br><\/li>\n<\/ul>\n\n\n\n<p>La Bretagne est parfaite pour se ressourcer tout en d\u00e9couvrant un patrimoine riche et vari\u00e9.<\/p>\n\n\n\n<h2 class=\"wp-block-heading\">Pourquoi choisir le camping pour les vacances de P\u00e2ques ?<\/h2>\n\n\n\n<p>Partir en camping pour les vacances de P\u00e2ques permet de profiter du printemps tout en b\u00e9n\u00e9ficiant d\u2019un s\u00e9jour confortable et adapt\u00e9 \u00e0 toute la famille. Les campings ouverts \u00e0 cette p\u00e9riode offrent des services parfaitement adapt\u00e9s \u00e0 la saison.<\/p>\n\n\n\n<p>Vous pourrez notamment profiter de :<\/p>\n\n\n\n<ul class=\"wp-block-list\">\n<li>H\u00e9bergements confortables en mobil-homes, chalets et bungalows<br><\/li>\n\n\n\n<li>Espaces aquatiques avec <a href=\"https:\/\/fr.camping-and-co.com\/sr-camping-piscine-couverte\">piscines couvertes<\/a> id\u00e9ales au printemps<br><\/li>\n\n\n\n<li>Des clubs pour enfants pendant les vacances scolaires<br><\/li>\n\n\n\n<li>Des animations pour toute la famille<br><\/li>\n\n\n\n<li>Des campings situ\u00e9s au plus pr\u00e8s des sites \u00e0 visiter<\/li>\n<\/ul>\n\n\n\n<h2 class=\"wp-block-heading\">R\u00e9servez vos vacances de P\u00e2ques en camping<\/h2>\n\n\n\n<p>Les vacances de P\u00e2ques en camping sont l\u2019occasion parfaite de profiter des beaux jours, de d\u00e9couvrir des r\u00e9gions magnifiques et de partager des moments inoubliables en pleine nature.<\/p>\n\n\n\n<p>Entre la Provence ensoleill\u00e9e, le bassin d\u2019Arcachon, les paysages sauvages de l\u2019Ard\u00e8che ou les c\u00f4tes bretonnes, il existe une destination id\u00e9ale pour chaque envie d\u2019\u00e9vasion.<\/p>\n\n\n\n<figure class=\"wp-block-image size-full\"><img loading=\"lazy\" decoding=\"async\" width=\"600\" height=\"400\" src=\"https:\/\/fr.camping-and-co.com\/blog\/wp-content\/uploads\/2026\/03\/long-shot-people-walking-nature1.png\" alt=\"Randonneurs sur un sentier au c\u0153ur de la nature\" class=\"wp-image-2500\" srcset=\"https:\/\/fr.camping-and-co.com\/blog\/wp-content\/uploads\/2026\/03\/long-shot-people-walking-nature1.png 600w, https:\/\/fr.camping-and-co.com\/blog\/wp-content\/uploads\/2026\/03\/long-shot-people-walking-nature1-300x200.png 300w\" sizes=\"auto, (max-width: 600px) 100vw, 600px\" \/><figcaption class=\"wp-element-caption\">Balade nature avec vue sur la campagne.<\/figcaption><\/figure>\n\n\n\n<p>D\u00e9couvrez d\u00e8s maintenant les plus belles destinations et r\u00e9servez votre camping pour les vacances de P\u00e2ques sur Camping and Co. Le printemps est la saison parfaite pour repartir \u00e0 l\u2019aventure.<\/p>\n\n\n\n<hr class=\"wp-block-separator has-alpha-channel-opacity\"\/>\n\n\n\n<h2 class=\"wp-block-heading\">FAQ \u2013 R\u00e9server ses vacances de P\u00e2ques en camping avec Camping and Co<\/h2>\n\n\n\n<p><strong>1. Quand faut-il r\u00e9server son camping pour les vacances de P\u00e2ques ?<\/strong><\/p>\n\n\n\n<p>&nbsp;Il est conseill\u00e9 de r\u00e9server votre camping pour les vacances de P\u00e2ques d\u00e8s que vos dates sont connues. Cette p\u00e9riode correspond aux vacances scolaires et certains campings affichent rapidement complet, notamment pour les h\u00e9bergements comme les mobil-homes, chalets et bungalows. R\u00e9server \u00e0 l\u2019avance sur Camping and Co permet d\u2019avoir plus de choix et de trouver la destination id\u00e9ale pour vos vacances.<\/p>\n\n\n\n<p><strong>2. Comment r\u00e9server facilement un camping pour les vacances de P\u00e2ques sur Camping and Co ?<\/strong><\/p>\n\n\n\n<p>La r\u00e9servation sur Camping and Co se fait simplement en ligne. Il suffit de s\u00e9lectionner votre destination, vos dates de vacances de P\u00e2ques, le nombre de voyageurs et le type d\u2019h\u00e9bergement souhait\u00e9. Vous pouvez ensuite comparer les campings disponibles, v\u00e9rifier les \u00e9quipements et choisir l\u2019offre qui correspond le mieux \u00e0 votre s\u00e9jour en camping.<\/p>\n\n\n\n<p><strong>3. Peut-on r\u00e9server un camping VACAF pour les vacances de P\u00e2ques sur Camping and Co ?<\/strong><\/p>\n\n\n\n<p>Oui, il est possible de <a href=\"https:\/\/fr.camping-and-co.com\/camping-vacaf\">r\u00e9server un camping VACAF<\/a> sur Camping and Co pour les vacances de P\u00e2ques, \u00e0 condition de choisir un \u00e9tablissement agr\u00e9\u00e9 VACAF en France. Camping and Co propose une s\u00e9lection de campings partenaires dans diff\u00e9rentes r\u00e9gions, comme la Vend\u00e9e, la Bretagne, la Normandie ou le sud de la France.<\/p>\n\n\n\n<p><strong>4. Peut-on payer son s\u00e9jour pour P\u00e2ques en plusieurs fois sur Camping and Co ?<\/strong><\/p>\n\n\n\n<p>Selon les offres disponibles, il est possible de r\u00e9gler votre r\u00e9servation avec diff\u00e9rentes solutions de paiement, y compris le paiement en plusieurs fois. Certains s\u00e9jours peuvent \u00e9galement \u00eatre r\u00e9gl\u00e9s avec des moyens comme les ch\u00e8ques vacances, ce qui facilite l\u2019organisation de vos vacances en camping.<\/p>\n\n\n\n<p><strong>5. Peut-on trouver des offres promotionnelles pour les vacances de P\u00e2ques ?<\/strong><\/p>\n\n\n\n<p>Oui, Camping and Co propose r\u00e9guli\u00e8rement des promotions et des offres de derni\u00e8re minute sur de nombreux campings. Ces offres permettent de trouver des locations \u00e0 prix avantageux pour les vacances de P\u00e2ques, que ce soit en mobil-home, chalet ou emplacement de camping.&nbsp;<\/p>\n\n\n\n<h1 class=\"wp-block-heading\"><\/h1>\n","protected":false},"excerpt":{"rendered":"<p>Les vacances de P\u00e2ques marquent le retour des beaux jours et l\u2019envie de s\u2019\u00e9vader apr\u00e8s l\u2019hiver. La nature rena\u00eet, les temp\u00e9ratures deviennent plus douces et&hellip;<\/p>\n","protected":false},"author":2,"featured_media":2497,"comment_status":"closed","ping_status":"open","sticky":false,"template":"","format":"standard","meta":{"cybocfi_hide_featured_image":"yes","footnotes":""},"categories":[3],"tags":[],"class_list":["post-2495","post","type-post","status-publish","format-standard","has-post-thumbnail","hentry","category-destinations","col-sm-6"],"yoast_head":"<!-- This site is optimized with the Yoast SEO plugin v27.5 - https:\/\/yoast.com\/product\/yoast-seo-wordpress\/ -->\n<title>O\u00f9 partir en camping pour les vacances de P\u00e2ques ?<\/title>\n<meta name=\"description\" content=\"Vacances de P\u00e2ques en camping : les meilleures destinations en France, avec id\u00e9es de visites et activit\u00e9s nature.\" \/>\n<meta name=\"robots\" content=\"index, follow, max-snippet:-1, max-image-preview:large, max-video-preview:-1\" \/>\n<link rel=\"canonical\" href=\"https:\/\/fr.camping-and-co.com\/blog\/camping-vacances-paques\/\" \/>\n<meta property=\"og:locale\" content=\"fr_FR\" \/>\n<meta property=\"og:type\" content=\"article\" \/>\n<meta property=\"og:title\" content=\"O\u00f9 partir en camping pour les vacances de P\u00e2ques ?\" \/>\n<meta property=\"og:description\" content=\"Vacances de P\u00e2ques en camping : les meilleures destinations en France, avec id\u00e9es de visites et activit\u00e9s nature.\" \/>\n<meta property=\"og:url\" content=\"https:\/\/fr.camping-and-co.com\/blog\/camping-vacances-paques\/\" \/>\n<meta property=\"og:site_name\" content=\"Camping and Co\" \/>\n<meta property=\"article:publisher\" content=\"https:\/\/www.facebook.com\/CampingandcoFR\" \/>\n<meta property=\"article:author\" content=\"https:\/\/www.facebook.com\/CampingandcoFR\" \/>\n<meta property=\"article:published_time\" content=\"2026-03-17T10:12:01+00:00\" \/>\n<meta property=\"article:modified_time\" content=\"2026-03-17T10:12:27+00:00\" \/>\n<meta property=\"og:image\" content=\"https:\/\/fr.camping-and-co.com\/blog\/wp-content\/uploads\/2026\/03\/Design-sans-titre51.png\" \/>\n\t<meta property=\"og:image:width\" content=\"600\" \/>\n\t<meta property=\"og:image:height\" content=\"400\" \/>\n\t<meta property=\"og:image:type\" content=\"image\/png\" \/>\n<meta name=\"author\" content=\"Aur\u00e9lie\" \/>\n<meta name=\"twitter:card\" content=\"summary_large_image\" \/>\n<meta name=\"twitter:label1\" content=\"\u00c9crit par\" \/>\n\t<meta name=\"twitter:data1\" content=\"Aur\u00e9lie\" \/>\n\t<meta name=\"twitter:label2\" content=\"Dur\u00e9e de lecture estim\u00e9e\" \/>\n\t<meta name=\"twitter:data2\" content=\"7 minutes\" \/>\n<script type=\"application\/ld+json\" class=\"yoast-schema-graph\">{\"@context\":\"https:\\\/\\\/schema.org\",\"@graph\":[{\"@type\":\"Article\",\"@id\":\"https:\\\/\\\/fr.camping-and-co.com\\\/blog\\\/camping-vacances-paques\\\/#article\",\"isPartOf\":{\"@id\":\"https:\\\/\\\/fr.camping-and-co.com\\\/blog\\\/camping-vacances-paques\\\/\"},\"author\":{\"name\":\"Aur\u00e9lie\",\"@id\":\"https:\\\/\\\/fr.camping-and-co.com\\\/blog\\\/#\\\/schema\\\/person\\\/840cc9716367b593e549e316ee9081e8\"},\"headline\":\"O\u00f9 partir en camping pour les vacances de P\u00e2ques ?\",\"datePublished\":\"2026-03-17T10:12:01+00:00\",\"dateModified\":\"2026-03-17T10:12:27+00:00\",\"mainEntityOfPage\":{\"@id\":\"https:\\\/\\\/fr.camping-and-co.com\\\/blog\\\/camping-vacances-paques\\\/\"},\"wordCount\":1389,\"publisher\":{\"@id\":\"https:\\\/\\\/fr.camping-and-co.com\\\/blog\\\/#organization\"},\"image\":{\"@id\":\"https:\\\/\\\/fr.camping-and-co.com\\\/blog\\\/camping-vacances-paques\\\/#primaryimage\"},\"thumbnailUrl\":\"https:\\\/\\\/fr.camping-and-co.com\\\/blog\\\/wp-content\\\/uploads\\\/2026\\\/03\\\/Design-sans-titre51.png\",\"articleSection\":[\"Destinations\"],\"inLanguage\":\"fr-FR\"},{\"@type\":\"WebPage\",\"@id\":\"https:\\\/\\\/fr.camping-and-co.com\\\/blog\\\/camping-vacances-paques\\\/\",\"url\":\"https:\\\/\\\/fr.camping-and-co.com\\\/blog\\\/camping-vacances-paques\\\/\",\"name\":\"O\u00f9 partir en camping pour les vacances de P\u00e2ques ?\",\"isPartOf\":{\"@id\":\"https:\\\/\\\/fr.camping-and-co.com\\\/blog\\\/#website\"},\"primaryImageOfPage\":{\"@id\":\"https:\\\/\\\/fr.camping-and-co.com\\\/blog\\\/camping-vacances-paques\\\/#primaryimage\"},\"image\":{\"@id\":\"https:\\\/\\\/fr.camping-and-co.com\\\/blog\\\/camping-vacances-paques\\\/#primaryimage\"},\"thumbnailUrl\":\"https:\\\/\\\/fr.camping-and-co.com\\\/blog\\\/wp-content\\\/uploads\\\/2026\\\/03\\\/Design-sans-titre51.png\",\"datePublished\":\"2026-03-17T10:12:01+00:00\",\"dateModified\":\"2026-03-17T10:12:27+00:00\",\"description\":\"Vacances de P\u00e2ques en camping : les meilleures destinations en France, avec id\u00e9es de visites et activit\u00e9s nature.\",\"breadcrumb\":{\"@id\":\"https:\\\/\\\/fr.camping-and-co.com\\\/blog\\\/camping-vacances-paques\\\/#breadcrumb\"},\"inLanguage\":\"fr-FR\",\"potentialAction\":[{\"@type\":\"ReadAction\",\"target\":[\"https:\\\/\\\/fr.camping-and-co.com\\\/blog\\\/camping-vacances-paques\\\/\"]}]},{\"@type\":\"BreadcrumbList\",\"@id\":\"https:\\\/\\\/fr.camping-and-co.com\\\/blog\\\/camping-vacances-paques\\\/#breadcrumb\",\"itemListElement\":[{\"@type\":\"ListItem\",\"position\":1,\"name\":\"Home\",\"item\":\"https:\\\/\\\/fr.camping-and-co.com\\\/blog\\\/\"},{\"@type\":\"ListItem\",\"position\":2,\"name\":\"O\u00f9 partir en camping pour les vacances de P\u00e2ques ?\"}]},{\"@type\":\"WebSite\",\"@id\":\"https:\\\/\\\/fr.camping-and-co.com\\\/blog\\\/#website\",\"url\":\"https:\\\/\\\/fr.camping-and-co.com\\\/blog\\\/\",\"name\":\"Camping and co\",\"description\":\"Le Choix, Le Prix, La Qualit\u00e9\",\"publisher\":{\"@id\":\"https:\\\/\\\/fr.camping-and-co.com\\\/blog\\\/#organization\"},\"potentialAction\":[{\"@type\":\"SearchAction\",\"target\":{\"@type\":\"EntryPoint\",\"urlTemplate\":\"https:\\\/\\\/fr.camping-and-co.com\\\/blog\\\/?s={search_term_string}\"},\"query-input\":{\"@type\":\"PropertyValueSpecification\",\"valueRequired\":true,\"valueName\":\"search_term_string\"}}],\"inLanguage\":\"fr-FR\"},{\"@type\":\"Organization\",\"@id\":\"https:\\\/\\\/fr.camping-and-co.com\\\/blog\\\/#organization\",\"name\":\"Camping and co\",\"url\":\"https:\\\/\\\/fr.camping-and-co.com\\\/blog\\\/\",\"logo\":{\"@type\":\"ImageObject\",\"inLanguage\":\"fr-FR\",\"@id\":\"https:\\\/\\\/fr.camping-and-co.com\\\/blog\\\/#\\\/schema\\\/logo\\\/image\\\/\",\"url\":\"https:\\\/\\\/fr.camping-and-co.com\\\/blog\\\/wp-content\\\/uploads\\\/2017\\\/12\\\/cropped-camping-and-co-logo.png\",\"contentUrl\":\"https:\\\/\\\/fr.camping-and-co.com\\\/blog\\\/wp-content\\\/uploads\\\/2017\\\/12\\\/cropped-camping-and-co-logo.png\",\"width\":391,\"height\":76,\"caption\":\"Camping and co\"},\"image\":{\"@id\":\"https:\\\/\\\/fr.camping-and-co.com\\\/blog\\\/#\\\/schema\\\/logo\\\/image\\\/\"},\"sameAs\":[\"https:\\\/\\\/www.facebook.com\\\/CampingandcoFR\",\"https:\\\/\\\/www.youtube.com\\\/@Camping-and-Co\",\"https:\\\/\\\/www.instagram.com\\\/camping_and_co\",\"https:\\\/\\\/www.tiktok.com\\\/@campingandco\"]},{\"@type\":\"Person\",\"@id\":\"https:\\\/\\\/fr.camping-and-co.com\\\/blog\\\/#\\\/schema\\\/person\\\/840cc9716367b593e549e316ee9081e8\",\"name\":\"Aur\u00e9lie\",\"image\":{\"@type\":\"ImageObject\",\"inLanguage\":\"fr-FR\",\"@id\":\"https:\\\/\\\/secure.gravatar.com\\\/avatar\\\/190a20cf653cbd65227f147e29ba807b87756468d5f43f2bd051ee2666b49c56?s=96&d=mm&r=g\",\"url\":\"https:\\\/\\\/secure.gravatar.com\\\/avatar\\\/190a20cf653cbd65227f147e29ba807b87756468d5f43f2bd051ee2666b49c56?s=96&d=mm&r=g\",\"contentUrl\":\"https:\\\/\\\/secure.gravatar.com\\\/avatar\\\/190a20cf653cbd65227f147e29ba807b87756468d5f43f2bd051ee2666b49c56?s=96&d=mm&r=g\",\"caption\":\"Aur\u00e9lie\"},\"sameAs\":[\"https:\\\/\\\/fr.camping-and-co.com\\\/blog\\\/\",\"https:\\\/\\\/www.facebook.com\\\/CampingandcoFR\",\"https:\\\/\\\/www.instagram.com\\\/camping_and_co\",\"https:\\\/\\\/www.youtube.com\\\/@Camping-and-Co\"]}]}<\/script>\n<!-- \/ Yoast SEO plugin. -->","yoast_head_json":{"title":"O\u00f9 partir en camping pour les vacances de P\u00e2ques ?","description":"Vacances de P\u00e2ques en camping : les meilleures destinations en France, avec id\u00e9es de visites et activit\u00e9s nature.","robots":{"index":"index","follow":"follow","max-snippet":"max-snippet:-1","max-image-preview":"max-image-preview:large","max-video-preview":"max-video-preview:-1"},"canonical":"https:\/\/fr.camping-and-co.com\/blog\/camping-vacances-paques\/","og_locale":"fr_FR","og_type":"article","og_title":"O\u00f9 partir en camping pour les vacances de P\u00e2ques ?","og_description":"Vacances de P\u00e2ques en camping : les meilleures destinations en France, avec id\u00e9es de visites et activit\u00e9s nature.","og_url":"https:\/\/fr.camping-and-co.com\/blog\/camping-vacances-paques\/","og_site_name":"Camping and Co","article_publisher":"https:\/\/www.facebook.com\/CampingandcoFR","article_author":"https:\/\/www.facebook.com\/CampingandcoFR","article_published_time":"2026-03-17T10:12:01+00:00","article_modified_time":"2026-03-17T10:12:27+00:00","og_image":[{"width":600,"height":400,"url":"https:\/\/fr.camping-and-co.com\/blog\/wp-content\/uploads\/2026\/03\/Design-sans-titre51.png","type":"image\/png"}],"author":"Aur\u00e9lie","twitter_card":"summary_large_image","twitter_misc":{"\u00c9crit par":"Aur\u00e9lie","Dur\u00e9e de lecture estim\u00e9e":"7 minutes"},"schema":{"@context":"https:\/\/schema.org","@graph":[{"@type":"Article","@id":"https:\/\/fr.camping-and-co.com\/blog\/camping-vacances-paques\/#article","isPartOf":{"@id":"https:\/\/fr.camping-and-co.com\/blog\/camping-vacances-paques\/"},"author":{"name":"Aur\u00e9lie","@id":"https:\/\/fr.camping-and-co.com\/blog\/#\/schema\/person\/840cc9716367b593e549e316ee9081e8"},"headline":"O\u00f9 partir en camping pour les vacances de P\u00e2ques ?","datePublished":"2026-03-17T10:12:01+00:00","dateModified":"2026-03-17T10:12:27+00:00","mainEntityOfPage":{"@id":"https:\/\/fr.camping-and-co.com\/blog\/camping-vacances-paques\/"},"wordCount":1389,"publisher":{"@id":"https:\/\/fr.camping-and-co.com\/blog\/#organization"},"image":{"@id":"https:\/\/fr.camping-and-co.com\/blog\/camping-vacances-paques\/#primaryimage"},"thumbnailUrl":"https:\/\/fr.camping-and-co.com\/blog\/wp-content\/uploads\/2026\/03\/Design-sans-titre51.png","articleSection":["Destinations"],"inLanguage":"fr-FR"},{"@type":"WebPage","@id":"https:\/\/fr.camping-and-co.com\/blog\/camping-vacances-paques\/","url":"https:\/\/fr.camping-and-co.com\/blog\/camping-vacances-paques\/","name":"O\u00f9 partir en camping pour les vacances de P\u00e2ques ?","isPartOf":{"@id":"https:\/\/fr.camping-and-co.com\/blog\/#website"},"primaryImageOfPage":{"@id":"https:\/\/fr.camping-and-co.com\/blog\/camping-vacances-paques\/#primaryimage"},"image":{"@id":"https:\/\/fr.camping-and-co.com\/blog\/camping-vacances-paques\/#primaryimage"},"thumbnailUrl":"https:\/\/fr.camping-and-co.com\/blog\/wp-content\/uploads\/2026\/03\/Design-sans-titre51.png","datePublished":"2026-03-17T10:12:01+00:00","dateModified":"2026-03-17T10:12:27+00:00","description":"Vacances de P\u00e2ques en camping : les meilleures destinations en France, avec id\u00e9es de visites et activit\u00e9s nature.","breadcrumb":{"@id":"https:\/\/fr.camping-and-co.com\/blog\/camping-vacances-paques\/#breadcrumb"},"inLanguage":"fr-FR","potentialAction":[{"@type":"ReadAction","target":["https:\/\/fr.camping-and-co.com\/blog\/camping-vacances-paques\/"]}]},{"@type":"BreadcrumbList","@id":"https:\/\/fr.camping-and-co.com\/blog\/camping-vacances-paques\/#breadcrumb","itemListElement":[{"@type":"ListItem","position":1,"name":"Home","item":"https:\/\/fr.camping-and-co.com\/blog\/"},{"@type":"ListItem","position":2,"name":"O\u00f9 partir en camping pour les vacances de P\u00e2ques ?"}]},{"@type":"WebSite","@id":"https:\/\/fr.camping-and-co.com\/blog\/#website","url":"https:\/\/fr.camping-and-co.com\/blog\/","name":"Camping and co","description":"Le Choix, Le Prix, La Qualit\u00e9","publisher":{"@id":"https:\/\/fr.camping-and-co.com\/blog\/#organization"},"potentialAction":[{"@type":"SearchAction","target":{"@type":"EntryPoint","urlTemplate":"https:\/\/fr.camping-and-co.com\/blog\/?s={search_term_string}"},"query-input":{"@type":"PropertyValueSpecification","valueRequired":true,"valueName":"search_term_string"}}],"inLanguage":"fr-FR"},{"@type":"Organization","@id":"https:\/\/fr.camping-and-co.com\/blog\/#organization","name":"Camping and co","url":"https:\/\/fr.camping-and-co.com\/blog\/","logo":{"@type":"ImageObject","inLanguage":"fr-FR","@id":"https:\/\/fr.camping-and-co.com\/blog\/#\/schema\/logo\/image\/","url":"https:\/\/fr.camping-and-co.com\/blog\/wp-content\/uploads\/2017\/12\/cropped-camping-and-co-logo.png","contentUrl":"https:\/\/fr.camping-and-co.com\/blog\/wp-content\/uploads\/2017\/12\/cropped-camping-and-co-logo.png","width":391,"height":76,"caption":"Camping and co"},"image":{"@id":"https:\/\/fr.camping-and-co.com\/blog\/#\/schema\/logo\/image\/"},"sameAs":["https:\/\/www.facebook.com\/CampingandcoFR","https:\/\/www.youtube.com\/@Camping-and-Co","https:\/\/www.instagram.com\/camping_and_co","https:\/\/www.tiktok.com\/@campingandco"]},{"@type":"Person","@id":"https:\/\/fr.camping-and-co.com\/blog\/#\/schema\/person\/840cc9716367b593e549e316ee9081e8","name":"Aur\u00e9lie","image":{"@type":"ImageObject","inLanguage":"fr-FR","@id":"https:\/\/secure.gravatar.com\/avatar\/190a20cf653cbd65227f147e29ba807b87756468d5f43f2bd051ee2666b49c56?s=96&d=mm&r=g","url":"https:\/\/secure.gravatar.com\/avatar\/190a20cf653cbd65227f147e29ba807b87756468d5f43f2bd051ee2666b49c56?s=96&d=mm&r=g","contentUrl":"https:\/\/secure.gravatar.com\/avatar\/190a20cf653cbd65227f147e29ba807b87756468d5f43f2bd051ee2666b49c56?s=96&d=mm&r=g","caption":"Aur\u00e9lie"},"sameAs":["https:\/\/fr.camping-and-co.com\/blog\/","https:\/\/www.facebook.com\/CampingandcoFR","https:\/\/www.instagram.com\/camping_and_co","https:\/\/www.youtube.com\/@Camping-and-Co"]}]}},"_links":{"self":[{"href":"https:\/\/fr.camping-and-co.com\/blog\/wp-json\/wp\/v2\/posts\/2495","targetHints":{"allow":["GET"]}}],"collection":[{"href":"https:\/\/fr.camping-and-co.com\/blog\/wp-json\/wp\/v2\/posts"}],"about":[{"href":"https:\/\/fr.camping-and-co.com\/blog\/wp-json\/wp\/v2\/types\/post"}],"author":[{"embeddable":true,"href":"https:\/\/fr.camping-and-co.com\/blog\/wp-json\/wp\/v2\/users\/2"}],"replies":[{"embeddable":true,"href":"https:\/\/fr.camping-and-co.com\/blog\/wp-json\/wp\/v2\/comments?post=2495"}],"version-history":[{"count":3,"href":"https:\/\/fr.camping-and-co.com\/blog\/wp-json\/wp\/v2\/posts\/2495\/revisions"}],"predecessor-version":[{"id":2506,"href":"https:\/\/fr.camping-and-co.com\/blog\/wp-json\/wp\/v2\/posts\/2495\/revisions\/2506"}],"wp:featuredmedia":[{"embeddable":true,"href":"https:\/\/fr.camping-and-co.com\/blog\/wp-json\/wp\/v2\/media\/2497"}],"wp:attachment":[{"href":"https:\/\/fr.camping-and-co.com\/blog\/wp-json\/wp\/v2\/media?parent=2495"}],"wp:term":[{"taxonomy":"category","embeddable":true,"href":"https:\/\/fr.camping-and-co.com\/blog\/wp-json\/wp\/v2\/categories?post=2495"},{"taxonomy":"post_tag","embeddable":true,"href":"https:\/\/fr.camping-and-co.com\/blog\/wp-json\/wp\/v2\/tags?post=2495"}],"curies":[{"name":"wp","href":"https:\/\/api.w.org\/{rel}","templated":true}]}}